{"id":270,"date":"2016-08-30T08:52:38","date_gmt":"2016-08-30T08:52:38","guid":{"rendered":"http:\/\/loisirsaccueiltourellois.fr\/?p=270"},"modified":"2016-08-30T08:52:38","modified_gmt":"2016-08-30T08:52:38","slug":"cest-la-rentree-2","status":"publish","type":"post","link":"https:\/\/loisirsaccueiltourellois.fr\/?p=270","title":{"rendered":"C&rsquo;EST LA RENTR\u00c9E&#8230;&#8230;"},"content":{"rendered":"<p>Bonjour \u00e0 tous et \u00e0 toutes,<\/p>\n<p>j&rsquo;esp\u00e8re que vous avez pass\u00e9 un bel \u00e9t\u00e9 \u00a0et que vous \u00eates en forme avec plein de nouvelles id\u00e9es cr\u00e9atives pour cette rentr\u00e9e !<\/p>\n<p>Petite piq\u00fbre de rappel : -le forum des associations se tient \u00e0 la Tour de salvagny le samedi 3 Septembre de 14h \u00e0 18 h. Liliane et moi seront pr\u00e9sentes sur le stand tout l&rsquo;apr\u00e8s-midi<\/p>\n<p>&#8211; l&rsquo; Assembl\u00e9e G\u00e9n\u00e9rale du LAT aura lieu le lundi 5 Septembre au vieux bourg \u00e0 14h.<\/p>\n<p>Nous\u00a0esp\u00e9rons votre pr\u00e9sence\u00a0pour cette reprise \u00a0en douceur et nous serons heureuses de vous retrouver autour du verre de l&rsquo;amiti\u00e9 apr\u00e8s l&rsquo;AG.<\/p>\n<p>A bient\u00f4t<\/p>\n<p>&nbsp;<\/p>\n<p>&nbsp;<\/p>\n","protected":false},"excerpt":{"rendered":"<p>Bonjour \u00e0 tous et \u00e0 toutes, j&rsquo;esp\u00e8re que vous avez pass\u00e9 un bel \u00e9t\u00e9 \u00a0et que vous \u00eates en forme avec plein de nouvelles id\u00e9es cr\u00e9atives pour cette rentr\u00e9e ! Petite piq\u00fbre de rappel : -le forum des associations se tient \u00e0 la Tour de salvagny le samedi 3 Septembre de 14h \u00e0 18 h. [&hellip;]<\/p>\n","protected":false},"author":1,"featured_media":0,"comment_status":"open","ping_status":"open","sticky":false,"template":"","format":"standard","meta":{"footnotes":""},"categories":[1],"tags":[],"class_list":["post-270","post","type-post","status-publish","format-standard","hentry","category-uncategorized"],"_links":{"self":[{"href":"https:\/\/loisirsaccueiltourellois.fr\/index.php?rest_route=\/wp\/v2\/posts\/270","targetHints":{"allow":["GET"]}}],"collection":[{"href":"https:\/\/loisirsaccueiltourellois.fr\/index.php?rest_route=\/wp\/v2\/posts"}],"about":[{"href":"https:\/\/loisirsaccueiltourellois.fr\/index.php?rest_route=\/wp\/v2\/types\/post"}],"author":[{"embeddable":true,"href":"https:\/\/loisirsaccueiltourellois.fr\/index.php?rest_route=\/wp\/v2\/users\/1"}],"replies":[{"embeddable":true,"href":"https:\/\/loisirsaccueiltourellois.fr\/index.php?rest_route=%2Fwp%2Fv2%2Fcomments&post=270"}],"version-history":[{"count":3,"href":"https:\/\/loisirsaccueiltourellois.fr\/index.php?rest_route=\/wp\/v2\/posts\/270\/revisions"}],"predecessor-version":[{"id":273,"href":"https:\/\/loisirsaccueiltourellois.fr\/index.php?rest_route=\/wp\/v2\/posts\/270\/revisions\/273"}],"wp:attachment":[{"href":"https:\/\/loisirsaccueiltourellois.fr\/index.php?rest_route=%2Fwp%2Fv2%2Fmedia&parent=270"}],"wp:term":[{"taxonomy":"category","embeddable":true,"href":"https:\/\/loisirsaccueiltourellois.fr\/index.php?rest_route=%2Fwp%2Fv2%2Fcategories&post=270"},{"taxonomy":"post_tag","embeddable":true,"href":"https:\/\/loisirsaccueiltourellois.fr\/index.php?rest_route=%2Fwp%2Fv2%2Ftags&post=270"}],"curies":[{"name":"wp","href":"https:\/\/api.w.org\/{rel}","templated":true}]}}