{"id":349,"date":"2017-01-11T17:15:50","date_gmt":"2017-01-11T17:15:50","guid":{"rendered":"http:\/\/loisirsaccueiltourellois.fr\/?p=349"},"modified":"2017-01-11T17:15:50","modified_gmt":"2017-01-11T17:15:50","slug":"salon-de-la-broderie-2017","status":"publish","type":"post","link":"https:\/\/loisirsaccueiltourellois.fr\/?p=349","title":{"rendered":"SALON DE LA BRODERIE 2017"},"content":{"rendered":"<p>Bonsoir \u00e0 tous et \u00e0 toutes,<\/p>\n<p>C&rsquo;est avec grand plaisir que nous vous annon\u00e7ons que le 6\u00e8me salon de la broderie \u00e0 la Tour de salvagny aura lieu les 18 et 19 novembre 2017.<\/p>\n<p>Nous lan\u00e7ons les invitations pour les cr\u00e9ateurs. Ceux qui sont d\u00e9j\u00e0 venus peuvent me contacter sur mon mail perso, pour les nouveaux int\u00e9ress\u00e9s me contacter via le blog sur l&rsquo;adresse mail contact.<\/p>\n<p>Nous avons 41 places. Les cr\u00e9ateurs pr\u00e9sents en 2015 seront exceptionnellement prioritaires pour se r\u00e9inscrire pour cette nouvelle \u00e9dition, les places qui resteront disponibles seront attribu\u00e9es par ordre d&rsquo;arriv\u00e9e du bulletin d&rsquo;inscription.<\/p>\n<p>Merci \u00e0 toutes celles qui r\u00e9pondront pr\u00e9sentes pour ce salon.<\/p>\n<p>N&rsquo;oubliez pas de le noter sur votre agenda, nous vous attendons nombreuses encore cette ann\u00e9e<\/p>\n<p>A tr\u00e8s bient\u00f4t<\/p>\n","protected":false},"excerpt":{"rendered":"<p>Bonsoir \u00e0 tous et \u00e0 toutes, C&rsquo;est avec grand plaisir que nous vous annon\u00e7ons que le 6\u00e8me salon de la broderie \u00e0 la Tour de salvagny aura lieu les 18 et 19 novembre 2017. Nous lan\u00e7ons les invitations pour les cr\u00e9ateurs. Ceux qui sont d\u00e9j\u00e0 venus peuvent me contacter sur mon mail perso, pour les [&hellip;]<\/p>\n","protected":false},"author":1,"featured_media":0,"comment_status":"open","ping_status":"open","sticky":false,"template":"","format":"standard","meta":{"footnotes":""},"categories":[1],"tags":[],"class_list":["post-349","post","type-post","status-publish","format-standard","hentry","category-uncategorized"],"_links":{"self":[{"href":"https:\/\/loisirsaccueiltourellois.fr\/index.php?rest_route=\/wp\/v2\/posts\/349","targetHints":{"allow":["GET"]}}],"collection":[{"href":"https:\/\/loisirsaccueiltourellois.fr\/index.php?rest_route=\/wp\/v2\/posts"}],"about":[{"href":"https:\/\/loisirsaccueiltourellois.fr\/index.php?rest_route=\/wp\/v2\/types\/post"}],"author":[{"embeddable":true,"href":"https:\/\/loisirsaccueiltourellois.fr\/index.php?rest_route=\/wp\/v2\/users\/1"}],"replies":[{"embeddable":true,"href":"https:\/\/loisirsaccueiltourellois.fr\/index.php?rest_route=%2Fwp%2Fv2%2Fcomments&post=349"}],"version-history":[{"count":1,"href":"https:\/\/loisirsaccueiltourellois.fr\/index.php?rest_route=\/wp\/v2\/posts\/349\/revisions"}],"predecessor-version":[{"id":350,"href":"https:\/\/loisirsaccueiltourellois.fr\/index.php?rest_route=\/wp\/v2\/posts\/349\/revisions\/350"}],"wp:attachment":[{"href":"https:\/\/loisirsaccueiltourellois.fr\/index.php?rest_route=%2Fwp%2Fv2%2Fmedia&parent=349"}],"wp:term":[{"taxonomy":"category","embeddable":true,"href":"https:\/\/loisirsaccueiltourellois.fr\/index.php?rest_route=%2Fwp%2Fv2%2Fcategories&post=349"},{"taxonomy":"post_tag","embeddable":true,"href":"https:\/\/loisirsaccueiltourellois.fr\/index.php?rest_route=%2Fwp%2Fv2%2Ftags&post=349"}],"curies":[{"name":"wp","href":"https:\/\/api.w.org\/{rel}","templated":true}]}}