{"id":688,"date":"2019-09-06T08:33:12","date_gmt":"2019-09-06T08:33:12","guid":{"rendered":"http:\/\/loisirsaccueiltourellois.fr\/?p=688"},"modified":"2019-09-06T08:33:12","modified_gmt":"2019-09-06T08:33:12","slug":"cest-la-rentree-4","status":"publish","type":"post","link":"https:\/\/loisirsaccueiltourellois.fr\/?p=688","title":{"rendered":"C&rsquo;EST LA RENTREE"},"content":{"rendered":"<p>Bonjour \u00e0 tous et \u00e0 toutes,<\/p>\n<p>Et oui, c&rsquo;est la rentr\u00e9e . J&rsquo;esp\u00e8re que vous avez pass\u00e9 de bonnes vacances.<\/p>\n<p>Petite piq\u00fbre de rappel :<\/p>\n<p>Forum des associations samedi 7 septembre \u00e0 14 h au parc de l&rsquo;hypodrome de la Tour de salvagny.<\/p>\n<p>Lili et moi serons pr\u00e9sentes et ravies de vous revoir.<\/p>\n<p>Assembl\u00e9e G\u00e9n\u00e9rale du LAT lundi 9 septembre au vieux bourg. Nous vous attendons nombreuses, adh\u00e9rents ou pas. Assembl\u00e9e G\u00e9n\u00e9rale qui annoncera la reprise de nos ateliers.<\/p>\n<p>A bient\u00f4t<\/p>\n","protected":false},"excerpt":{"rendered":"<p>Bonjour \u00e0 tous et \u00e0 toutes, Et oui, c&rsquo;est la rentr\u00e9e . J&rsquo;esp\u00e8re que vous avez pass\u00e9 de bonnes vacances. Petite piq\u00fbre de rappel : Forum des associations samedi 7 septembre \u00e0 14 h au parc de l&rsquo;hypodrome de la Tour de salvagny. Lili et moi serons pr\u00e9sentes et ravies de vous revoir. Assembl\u00e9e G\u00e9n\u00e9rale [&hellip;]<\/p>\n","protected":false},"author":1,"featured_media":0,"comment_status":"open","ping_status":"open","sticky":false,"template":"","format":"standard","meta":{"footnotes":""},"categories":[1],"tags":[],"class_list":["post-688","post","type-post","status-publish","format-standard","hentry","category-uncategorized"],"_links":{"self":[{"href":"https:\/\/loisirsaccueiltourellois.fr\/index.php?rest_route=\/wp\/v2\/posts\/688","targetHints":{"allow":["GET"]}}],"collection":[{"href":"https:\/\/loisirsaccueiltourellois.fr\/index.php?rest_route=\/wp\/v2\/posts"}],"about":[{"href":"https:\/\/loisirsaccueiltourellois.fr\/index.php?rest_route=\/wp\/v2\/types\/post"}],"author":[{"embeddable":true,"href":"https:\/\/loisirsaccueiltourellois.fr\/index.php?rest_route=\/wp\/v2\/users\/1"}],"replies":[{"embeddable":true,"href":"https:\/\/loisirsaccueiltourellois.fr\/index.php?rest_route=%2Fwp%2Fv2%2Fcomments&post=688"}],"version-history":[{"count":1,"href":"https:\/\/loisirsaccueiltourellois.fr\/index.php?rest_route=\/wp\/v2\/posts\/688\/revisions"}],"predecessor-version":[{"id":689,"href":"https:\/\/loisirsaccueiltourellois.fr\/index.php?rest_route=\/wp\/v2\/posts\/688\/revisions\/689"}],"wp:attachment":[{"href":"https:\/\/loisirsaccueiltourellois.fr\/index.php?rest_route=%2Fwp%2Fv2%2Fmedia&parent=688"}],"wp:term":[{"taxonomy":"category","embeddable":true,"href":"https:\/\/loisirsaccueiltourellois.fr\/index.php?rest_route=%2Fwp%2Fv2%2Fcategories&post=688"},{"taxonomy":"post_tag","embeddable":true,"href":"https:\/\/loisirsaccueiltourellois.fr\/index.php?rest_route=%2Fwp%2Fv2%2Ftags&post=688"}],"curies":[{"name":"wp","href":"https:\/\/api.w.org\/{rel}","templated":true}]}}