{"id":695,"date":"2019-09-19T13:52:11","date_gmt":"2019-09-19T13:52:11","guid":{"rendered":"http:\/\/loisirsaccueiltourellois.fr\/?p=695"},"modified":"2019-09-19T13:52:11","modified_gmt":"2019-09-19T13:52:11","slug":"salon-tourellois-de-la-broderie","status":"publish","type":"post","link":"https:\/\/loisirsaccueiltourellois.fr\/?p=695","title":{"rendered":"SALON TOURELLOIS DE LA BRODERIE"},"content":{"rendered":"<p>Il approche \u00e0 grand pas !!!! Nous vous attendons nombreuses pour ces 2 jours de folie .<\/p>\n<p>Si vous souhaitez que je vous envoie une affiche pour votre blog ou facebook, n&rsquo;h\u00e9sitez pas \u00e0 me la demander<\/p>\n<p>Cette ann\u00e9e encore nous devons cette belle affiche \u00e0 notre amie Corinne, ancienne adh\u00e9rente du LAT mais toujours fid\u00e8le en amiti\u00e9 et qui ne nous oublie pas malgr\u00e9 la distance.<\/p>\n<p>Corinne un GRAND GRAND MERCI pour cette nouvelle \u00e9dition<\/p>\n<p><a href=\"http:\/\/loisirsaccueiltourellois.fr\/wp-content\/uploads\/2019\/09\/affiche-salon-2019.jpg\"><img loading=\"lazy\" decoding=\"async\" class=\"alignleft size-medium wp-image-696\" src=\"http:\/\/loisirsaccueiltourellois.fr\/wp-content\/uploads\/2019\/09\/affiche-salon-2019-212x300.jpg\" alt=\"\" width=\"212\" height=\"300\" srcset=\"https:\/\/loisirsaccueiltourellois.fr\/wp-content\/uploads\/2019\/09\/affiche-salon-2019-212x300.jpg 212w, https:\/\/loisirsaccueiltourellois.fr\/wp-content\/uploads\/2019\/09\/affiche-salon-2019-768x1085.jpg 768w, https:\/\/loisirsaccueiltourellois.fr\/wp-content\/uploads\/2019\/09\/affiche-salon-2019-725x1024.jpg 725w, https:\/\/loisirsaccueiltourellois.fr\/wp-content\/uploads\/2019\/09\/affiche-salon-2019.jpg 1164w\" sizes=\"auto, (max-width: 212px) 100vw, 212px\" \/><\/a><\/p>\n","protected":false},"excerpt":{"rendered":"<p>Il approche \u00e0 grand pas !!!! Nous vous attendons nombreuses pour ces 2 jours de folie . Si vous souhaitez que je vous envoie une affiche pour votre blog ou facebook, n&rsquo;h\u00e9sitez pas \u00e0 me la demander Cette ann\u00e9e encore nous devons cette belle affiche \u00e0 notre amie Corinne, ancienne adh\u00e9rente du LAT mais toujours [&hellip;]<\/p>\n","protected":false},"author":1,"featured_media":0,"comment_status":"open","ping_status":"open","sticky":false,"template":"","format":"standard","meta":{"footnotes":""},"categories":[1],"tags":[],"class_list":["post-695","post","type-post","status-publish","format-standard","hentry","category-uncategorized"],"_links":{"self":[{"href":"https:\/\/loisirsaccueiltourellois.fr\/index.php?rest_route=\/wp\/v2\/posts\/695","targetHints":{"allow":["GET"]}}],"collection":[{"href":"https:\/\/loisirsaccueiltourellois.fr\/index.php?rest_route=\/wp\/v2\/posts"}],"about":[{"href":"https:\/\/loisirsaccueiltourellois.fr\/index.php?rest_route=\/wp\/v2\/types\/post"}],"author":[{"embeddable":true,"href":"https:\/\/loisirsaccueiltourellois.fr\/index.php?rest_route=\/wp\/v2\/users\/1"}],"replies":[{"embeddable":true,"href":"https:\/\/loisirsaccueiltourellois.fr\/index.php?rest_route=%2Fwp%2Fv2%2Fcomments&post=695"}],"version-history":[{"count":2,"href":"https:\/\/loisirsaccueiltourellois.fr\/index.php?rest_route=\/wp\/v2\/posts\/695\/revisions"}],"predecessor-version":[{"id":698,"href":"https:\/\/loisirsaccueiltourellois.fr\/index.php?rest_route=\/wp\/v2\/posts\/695\/revisions\/698"}],"wp:attachment":[{"href":"https:\/\/loisirsaccueiltourellois.fr\/index.php?rest_route=%2Fwp%2Fv2%2Fmedia&parent=695"}],"wp:term":[{"taxonomy":"category","embeddable":true,"href":"https:\/\/loisirsaccueiltourellois.fr\/index.php?rest_route=%2Fwp%2Fv2%2Fcategories&post=695"},{"taxonomy":"post_tag","embeddable":true,"href":"https:\/\/loisirsaccueiltourellois.fr\/index.php?rest_route=%2Fwp%2Fv2%2Ftags&post=695"}],"curies":[{"name":"wp","href":"https:\/\/api.w.org\/{rel}","templated":true}]}}